{"id":764,"date":"2024-06-10T11:39:36","date_gmt":"2024-06-10T09:39:36","guid":{"rendered":"https:\/\/www.egce.universite-paris-saclay.fr\/?p=764"},"modified":"2025-06-10T12:35:33","modified_gmt":"2025-06-10T10:35:33","slug":"helene-legout","status":"publish","type":"post","link":"https:\/\/www.egce.universite-paris-saclay.fr\/?p=764","title":{"rendered":"H\u00e9l\u00e8ne, Legout"},"content":{"rendered":"<p><strong><img loading=\"lazy\" decoding=\"async\" class=\" wp-image-19613 aligncenter\" src=\"https:\/\/www.egce.universite-paris-saclay.fr\/wp-content\/uploads\/2024\/07\/HeleneL.jpg\" alt=\"\" width=\"117\" height=\"161\" \/><\/strong><\/p>\n<p><strong>Ing\u00e9nieure en techniques biologiques &#8211; \u00c9co-\u00c9thologie \/ <\/strong><strong>Assistante de Pr\u00e9vention<\/strong><\/p>\n<p>Institut Diversit\u00e9 \u00c9cologie et \u00c9volution du Vivant (IDEEV)<br \/>\nUMR9191 CNRS &#8211; Universit\u00e9 Paris Saclay &#8211; IRD<br \/>\nLaboratoire \u00c9volution, G\u00e9nomes, Comportement et \u00c9cologie<br \/>\nBureau 1310<br \/>\n12 Route 128<br \/>\n91190 Gif-sur-Yvette<br \/>\nTel: +33-1 69 15 50 86 &#8211; &#x68;&#101;l&#x65;&#110;e&#x2e;&#108;e&#x67;&#111;u&#x74;&#64;c&#x6e;&#114;s&#x2e;&#102;r &#8211; &#104;&#x65;&#x6c;&#101;&#x6e;&#x65;&#46;&#x6c;&#x65;&#103;&#x6f;&#x75;&#116;&#x40;&#x75;&#110;&#x69;&#x76;&#101;&#x72;&#x73;&#105;&#x74;&#x65;&#45;&#x70;&#x61;r&#x69;&#x73;-&#x73;&#x61;c&#108;&#x61;y&#46;&#x66;r<\/p>\n<p style=\"text-align: center\"><strong>Biodiversit\u00e9 et gestion des populations d&rsquo;abeilles (P\u00f4le \u00c9volution &amp; \u00c9cologie)<\/strong><\/p>\n<p style=\"text-align: center\">Caract\u00e9risation de la diversit\u00e9 g\u00e9n\u00e9tique des populations d&rsquo;abeilles sur l&rsquo;aire de r\u00e9partition &#8211; Soutien scientifique au fonctionnement des conservatoires g\u00e9n\u00e9tiques d&rsquo;abeilles noires en France et expertises des populations d&rsquo;abeilles &#8211; Suivi sanitaire des colonies par la caract\u00e9risation mol\u00e9culaire des parasites de l&rsquo;abeille.<\/p>\n<p><a href=\"https:\/\/www.egce.universite-paris-saclay.fr\/wp-content\/uploads\/2014\/02\/Presentation1.jpg\"><img loading=\"lazy\" decoding=\"async\" class=\" wp-image-15091 aligncenter\" src=\"https:\/\/www.egce.universite-paris-saclay.fr\/wp-content\/uploads\/2014\/02\/Presentation1-300x95.jpg\" alt=\"\" width=\"338\" height=\"107\" \/><\/a><\/p>\n<ul>\n<li><em>Projet europ\u00e9en BEEHOPE, une strat\u00e9gie novatrice fond\u00e9e sur l&rsquo;apiculture durable pour r\u00e9duire le d\u00e9clin des abeilles (2015-2018)<br \/>\n<\/em><\/li>\n<li><em>Projet de caract\u00e9risation des abeilles au B\u00e9nin et de leurs parasites (2015-2020)<\/em><\/li>\n<li><em>Projet ApiNoire Normandie : Mise en place de conservatoires et de ruchers de f\u00e9condation pour l&rsquo;abeille noire de Normandie. Une apiculture durable utilisant les ressources locales (2019-2023)<\/em><\/li>\n<li><em>Projet financ\u00e9 par la Fondation de France : Effets de l&rsquo;hybridation sur les performances apicoles d&rsquo;<\/em>Apis mellifera mellifera<em> en apiculture s\u00e9dentaire (2021-2023)<\/em><\/li>\n<li><em>Exploration du potentiel th\u00e9rapeutique des produits de la ruche et nids d&rsquo;insectes du B\u00e9nin (2024-2025)<\/em><\/li>\n<li><em>Projet MITOBEE : <span class=\"--l --r container-target\"><span class=\"--l --r hover:bg-blue-100 hover:dark:bg-blue-600\">\u00c9tude<\/span> <span class=\"--l --r hover:bg-blue-100 hover:dark:bg-blue-600\">du polymorphisme de taille<\/span>\u00a0<span class=\"--l --r hover:bg-blue-100 hover:dark:bg-blue-600\">de<\/span> <span class=\"--l --r hover:bg-blue-100 hover:dark:bg-blue-600\">la<\/span> <span class=\"--l --r hover:bg-blue-100 hover:dark:bg-blue-600\">r\u00e9gion<\/span> <span class=\"--l --r hover:bg-blue-100 hover:dark:bg-blue-600\">interg\u00e9nique COI-COII de l&rsquo;ADN<\/span> <span class=\"--l --r hover:bg-blue-100 hover:dark:bg-blue-600\">mitochondrial<\/span>\u00a0<span class=\"--l --r hover:bg-blue-100 hover:dark:bg-blue-600\">et<\/span> <span class=\"--l --r hover:bg-blue-100 hover:dark:bg-blue-600\">de<\/span> <span class=\"--l --r hover:bg-blue-100 hover:dark:bg-blue-600\">son<\/span> <span class=\"--l --r hover:bg-blue-100 hover:dark:bg-blue-600\">r\u00f4le<\/span> <span class=\"--l --r hover:bg-blue-100 hover:dark:bg-blue-600\">dans<\/span> <span class=\"--l --r hover:bg-blue-100 hover:dark:bg-blue-600\">le<\/span> <span class=\"--l --r hover:bg-blue-100 hover:dark:bg-blue-600\">m\u00e9tabolisme<\/span> <span class=\"--l --r hover:bg-blue-100 hover:dark:bg-blue-600\">et<\/span> <span class=\"--l --r hover:bg-blue-100 hover:dark:bg-blue-600\">l&rsquo;adaptation<\/span> <span class=\"--l --r hover:bg-blue-100 hover:dark:bg-blue-600\">de<\/span> <span class=\"--l --r hover:bg-blue-100 hover:dark:bg-blue-600\">l&rsquo;abeille <\/span><span class=\"--l --r hover:bg-blue-100 hover:dark:bg-blue-600\">mellif\u00e8re (d\u00e9but\u00e9 en 2025)<\/span><\/span><\/em><\/li>\n<\/ul>\n<p><strong>Communications<\/strong><\/p>\n<p>La M\u00e9thode Scientifique de France Culture : \u00c9mission du 6 juin 2022, L&rsquo;abeille r\u00f4de. Avec Julie Carcaud, Aurore Avargues-Weber &#8211; Reportage du Jour, avec H\u00e9l\u00e8ne Legout.<\/p>\n<p><a href=\"https:\/\/radiofrance.fr\/franceculture\/podcasts\/la-methode-scientifique\/les-abeilles-3219704\" target=\"_blank\" rel=\"noopener\">https:\/\/radiofrance.fr\/franceculture\/podcasts\/la-methode-scientifique\/les-abeilles-3219704<\/a><\/p>\n<p><strong>Publications<br \/>\n<\/strong><\/p>\n<p>(travaux de G\u00e9n\u00e9tique de l&rsquo;abeille mellif\u00e8re &#8211; Conservation &#8211; 2003 \u00e0 ce jour)<\/p>\n<p><strong>Rapports d&rsquo;expertise de population d&rsquo;abeilles<\/strong> : Lionel Garnery, <strong>H\u00e9l\u00e8ne Legout<\/strong>.<\/p>\n<p>Principe de l&rsquo;\u00e9tude, m\u00e9thode, r\u00e9sultats et interpr\u00e9tations, pr\u00e9conisation de la gestion apicole dans le respect du cahier des charges des conservatoires (<a href=\"https:\/\/www.fedcan.org\/\">https:\/\/www.fedcan.org\/<\/a>)<\/p>\n<p><strong>2023<\/strong>: Expertise des populations d&rsquo;abeilles du Nord de l&rsquo;Europe (Norv\u00e8ge, Irlande, Pays de Galles) (300 \u00e9ch), et de Corse (200 \u00e9ch)<\/p>\n<p><strong>2022<\/strong>: Expertise des populations d&rsquo;abeilles du Valenciennois (500 \u00e9ch)<\/p>\n<p><strong>2021<\/strong>: Expertise des populations d&rsquo;abeilles de:\u00a0 Savoie (400 \u00e9ch),\u00a0 Landes (200 \u00e9ch), Normandie (127 \u00e9ch), L&rsquo;Allier (33 \u00e9ch), Pyr\u00e9n\u00e9es atlantiques (43 \u00e9ch), l&rsquo;Ile d&rsquo;Ol\u00e9ron (150 \u00e9ch), l&rsquo;INRAe de Bordeaux (30 \u00e9ch), C\u00f4tes d&rsquo;Armor (25 \u00e9ch), L&rsquo;Avesnois (300 \u00e9ch), Haute-Savoie (50 \u00e9ch), Conservatoire des Races d&rsquo;Aquitaine (300 \u00e9ch), L&rsquo;\u00cele d&rsquo; Ouessant (192 \u00e9ch)<\/p>\n<p><strong>2020<\/strong>: Expertise des populations d&rsquo;abeilles de:\u00a0 Savoie (170 \u00e9chantillons), Loire-Atlantique (40 \u00e9chantillons), Finist\u00e8re (270 \u00e9chantillons)<\/p>\n<p><strong>2019<\/strong>: Expertise des populations d&rsquo;abeilles de: Savoie (250 \u00e9chantillons), Nouvelle-Cal\u00e9donie (100 \u00e9chantillons), Ard\u00e8che (211 \u00e9chantillons), Yvelines (344 \u00e9chantillons)<\/p>\n<p><strong>2018<\/strong>: Expertise des populations d&rsquo;abeilles de: Savoie (696 \u00e9chantillons), \u00cele de Ouessant (208 \u00e9chantillons), Les Landes (164 \u00e9chantillons)<\/p>\n<p><strong>2017<\/strong>: Expertise des populations d&rsquo;abeilles de: Savoie (359 \u00e9chantillons), \u00cele d&rsquo;Ol\u00e9ron (313 \u00e9chantillons), Nouvelle-Cal\u00e9donie (344 \u00e9chantillons)<\/p>\n<p>H\u00e9lo\u00efse Bastide,<strong> H\u00e9l\u00e8ne Legout, <\/strong>No\u00e9 Dogbo, David Ogereau, Carolina Prediger, Julie Carcaud, Jonathan Filee, Lionel Garnery, Cl\u00e9ment Gilbert, Frederic Marion-Poll, Fabrice Requier, Jean-Christophe Sandoz and Amir Yassin (2024) <span class=\"title-text\">The genome of the blind bee louse fly reveals deep convergences with its social host and illuminates <em>Drosophila<\/em> origins. <em>Current Biology 34<\/em><em>, 1-11<\/em>. https:\/\/doi.org\/10.1016\/j.cub.2024.01.034<br \/>\n<\/span><\/p>\n<p>Kelomey, A., A. Paraiso, H. Sina, <strong>H. Legout<\/strong>, A. Adjanohoun, L. Garnery &amp; L. Baba-Moussa (2017) Genetic variability of the mitochondrial DNA in honeybees (Apis mellifera L) from Benin. <i>Journal of Agricultural Science and Technology,<\/i> A7<b>,<\/b> 557-566.<\/p>\n<p>Kelomey, A. E., A. Paraiso, H. Sina, <strong>H. Legout<\/strong>, L. Garnery &amp; L. Baba-Moussa (2017) Genetic characterization of the honeybee ectoparasitic mite <i>Varroa destructor<\/i> from Benin (West Africa) using mitochondrial and microsatellite markers. <i>Experimental and Applied Acarology,<\/i> 72(1)<b>,<\/b> 61-67. DOI : 10.1007\/s10493-017-0141-y<\/p>\n<p>Loucif-Ayad, W., M. Achou, <strong>H. Legout<\/strong>, M. Alburaki &amp; L. Garnery (2015) Genetic assessment of Algerian honeybee populations by microsatellite markers. <i>Apidologie,<\/i> 46<b>,<\/b> 392-402. DOI : 10.1007\/s13592-014-0331-0<\/p>\n<p>Bertrand, B., M. Alburaki,<strong> H. Legout<\/strong>, S. Moulin, F. Mougel &amp; L. Garnery (2015) MtDNA COI-COII marker and drone congregation area: An efficient method to establish and monitor honeybee (<i>Apis mellifera<\/i> L.) conservation centres. <i>Molecular Ecology Resources,<\/i> 15 (3)<b>,<\/b> 673-683. DOI : 10.1111\/1755-0998.12339<\/p>\n<p>Wahida Loucif-Ayad, Mohamed Achou, <strong>H\u00e9l\u00e8ne Legout<\/strong>, Mohamed Alburaki, Lionel Garnery. 2014 Genetic assessment of Algerian honeybee populations by microsatellite markers. Apidologie 46(3):392-402. DOI : 10.1007\/s13592-014-0331-0<\/p>\n<p>Alburaki M., Bertrand B., \u00a0<strong>Legout\u00a0 H.<\/strong>, Moulin S., Alburaki A., Sheppard W.S., Garnery, L. 2013 A fifth major genetic group among honeybees revealed in Syria. BMC Genetics, 14:117 &#8211; DOI : 10.1186\/1471-2156-14-117<\/p>\n<p>Alburaki, M., Alburaki, A.,<strong> Legout, H<\/strong>., Moulin, S., Garnery, L. 2011. Mitochondrial structure of Eastern honey bee populations from Syria, Lebanon and Iraq. Apidologie, 42(5):628-641. DOI : 10.1007\/s13592-011-0062-4<\/p>\n<p>Rortais A., Arnold G., Alburaki M., <strong>Legout H<\/strong>., Garnery L. 2010. Review of the DraI COI-COII Test for the conservation of the black honeybee (Apis mellifera mellifera). Conservation Genetics Resources vol.3, 383-391.<\/p>\n<p>Rortais A., G. Arnold., <strong>H. Legout<\/strong>., L. Garnery. Apis mellifera mellifera: mitochondrial introgressions in France and Belgium and haplotypic diversity in Europe.<\/p>\n<p>Garnery L., M. D. Meixner, <strong>H. Legout<\/strong>., I. Giraud, A. Rortais, and W. S. Shepperd. Multilocus microsatellite analysis confirms the congruence of a fourth major evolutionary lineage of honey bees (Apis mellifera L.) with that previously hypothesized by morphology<\/p>\n<p>(travaux de G\u00e9n\u00e9tique quantitative et\u00a0 sur l&rsquo;adaptation des Drosophiles \u00e0 leur environnement &#8211; 2001-2006)<\/p>\n<p>DAVID J.R, ARARIPE L.O, BITNER-MATHE B.C, CAPY P, GONI B, KLACZKO L.B, <strong>LEGOUT H<\/strong>, MARTINS M.B, VOUIDIBIO J, YASSIN A and MORETEAU B 2006 Quantitative trait analysis and geographic variability of natural populations of Zaprionus indianus, a recent invader in Brazil Heredity 96: 53<\/p>\n<p>DAVID J.R, ARARIPE L.O, BITNER-MATHE B.C, CAPY P, GONI B, KLACZKO L.B, <strong>LEGOUT H<\/strong>, MARTINS M.B, VOUIDIBIO J, YASSIN A and MORETEAU B 2006 Sexual dimorphism of body size and sternopleural bristle number: a comparison of geographic populations of an invasive cosmopolitan drosophilid Genetica 128: 109<\/p>\n<p>JEAN R. DAVID, <strong>HELENE LEGOUT<\/strong> and BRIGITTE MORETEAU 2006 Phenotypic plasticity of Body Size in a temperate population of Drosophila melanogaster: when the temperature-size rule does not apply. Journal of Genetics 85(1): 9<\/p>\n<p>DAVID J.R., ARARIPE L.O, CHAKIR M., <strong>LEGOUT H<\/strong>., LEMOS B., PETAVY G., ROHMER C., JOLY D. and MORETEAU B. 2005 Male sterility at extreme temperatures: a significant but neglected phenomenon for understanding Drosophila climatic adaptations. J. Evol. Biol. 18(4): 838 pdf url<\/p>\n<p>DAVID J.R., GIBERT P., <strong>LEGOUT H<\/strong>., PETAVY G., CAPY P. and MORETEAU B. 2005 Isofemale lines in Drosophila: an empirical approach to quantitative traits analysis in natural populations. Heredity 94: 3<\/p>\n<p>AYRINHAC A., DEBAT V., GIBERT P., KISTER A.-G., <strong>LEGOUT H<\/strong>., MORETEAU B., VERGILINO R. and DAVID J.R. 2004 Cold adaptation in geographical populations of D. melanogaster : phenotypic plasticity is more important than genetic variability. Functional Ecology 18: 700<\/p>\n<p>MIGNON-GRASTEAU S., DAVID J.R., GIBERT P., <strong>LEGOUT H<\/strong>., PETAVY G. and MORETEAU B. 2004 REML estimates of genetic parameters of sexual dimorphism of wing and thorax length in Drosophila melanogaster. J. Genet. 83: 163<\/p>\n<p>DAVID J.R., GIBERT P., MIGNON-GRASTEAU S., <strong>LEGOUT H<\/strong>., PETAVY G., BEAUMONT C. and MORETEAU B. 2003 Genetic variability of sexual size dimorphism in a natural population of Drosophila melanogaster : an isofemale line approach. Journal of Genetics 82(3): 79<\/p>\n<p>DEBAT V, BEGIN M, <strong>LEGOUT H<\/strong> and DAVID J R 2003 Allometric and nonallometric components of Drosophila wing shape respond differently to developmental temperature Evolution 57(12): 2773-2784.<\/p>\n","protected":false},"excerpt":{"rendered":"<p>Ing\u00e9nieure en techniques biologiques &#8211; \u00c9co-\u00c9thologie \/ Assistante de Pr\u00e9vention Institut Diversit\u00e9 \u00c9cologie et \u00c9volution du Vivant (IDEEV) UMR9191 CNRS &#8211; Universit\u00e9 Paris Saclay &#8211; IRD Laboratoire \u00c9volution, G\u00e9nomes, Comportement et \u00c9cologie Bureau 1310 12 Route 128 91190 Gif-sur-Yvette Tel: +33-1 69 15 50 86 &#8211; &#x68;e&#x6c;&#101;n&#x65;&#46;&#x6c;&#101;g&#x6f;&#117;&#x74;&#64;c&#x6e;&#114;&#x73;&#x2e;f&#x72; &#8211; h&#101;&#108;&#x65;&#x6e;&#x65;&#46;&#108;&#101;&#x67;&#x6f;&#x75;t&#64;&#117;&#x6e;&#x69;&#x76;er&#115;&#105;&#x74;&#x65;&#x2d;p&#97;&#114;&#x69;&#x73;&#x2d;s&#97;&#99;&#x6c;&#x61;&#x79;&#46;f&#114; Biodiversit\u00e9 et gestion des populations d&rsquo;abeilles [&hellip;]<\/p>\n","protected":false},"author":47,"featured_media":0,"comment_status":"closed","ping_status":"closed","sticky":false,"template":"","format":"standard","meta":{"site-sidebar-layout":"default","site-content-layout":"","ast-site-content-layout":"default","site-content-style":"default","site-sidebar-style":"default","ast-global-header-display":"","ast-banner-title-visibility":"","ast-main-header-display":"","ast-hfb-above-header-display":"","ast-hfb-below-header-display":"","ast-hfb-mobile-header-display":"","site-post-title":"","ast-breadcrumbs-content":"","ast-featured-img":"","footer-sml-layout":"","ast-disable-related-posts":"","theme-transparent-header-meta":"","adv-header-id-meta":"","stick-header-meta":"","header-above-stick-meta":"","header-main-stick-meta":"","header-below-stick-meta":"","astra-migrate-meta-layouts":"set","ast-page-background-enabled":"default","ast-page-background-meta":{"desktop":{"background-color":"var(--ast-global-color-4)","background-image":"","background-repeat":"repeat","background-position":"center center","background-size":"auto","background-attachment":"scroll","background-type":"","background-media":"","overlay-type":"","overlay-color":"","overlay-opacity":"","overlay-gradient":""},"tablet":{"background-color":"","background-image":"","background-repeat":"repeat","background-position":"center center","background-size":"auto","background-attachment":"scroll","background-type":"","background-media":"","overlay-type":"","overlay-color":"","overlay-opacity":"","overlay-gradient":""},"mobile":{"background-color":"","background-image":"","background-repeat":"repeat","background-position":"center center","background-size":"auto","background-attachment":"scroll","background-type":"","background-media":"","overlay-type":"","overlay-color":"","overlay-opacity":"","overlay-gradient":""}},"ast-content-background-meta":{"desktop":{"background-color":"var(--ast-global-color-5)","background-image":"","background-repeat":"repeat","background-position":"center center","background-size":"auto","background-attachment":"scroll","background-type":"","background-media":"","overlay-type":"","overlay-color":"","overlay-opacity":"","overlay-gradient":""},"tablet":{"background-color":"var(--ast-global-color-5)","background-image":"","background-repeat":"repeat","background-position":"center center","background-size":"auto","background-attachment":"scroll","background-type":"","background-media":"","overlay-type":"","overlay-color":"","overlay-opacity":"","overlay-gradient":""},"mobile":{"background-color":"var(--ast-global-color-5)","background-image":"","background-repeat":"repeat","background-position":"center center","background-size":"auto","background-attachment":"scroll","background-type":"","background-media":"","overlay-type":"","overlay-color":"","overlay-opacity":"","overlay-gradient":""}},"_themeisle_gutenberg_block_has_review":false,"_jetpack_memberships_contains_paid_content":false,"footnotes":""},"categories":[12],"tags":[],"class_list":["post-764","post","type-post","status-publish","format-standard","hentry","category-personnels"],"jetpack_featured_media_url":"","jetpack_sharing_enabled":true,"_links":{"self":[{"href":"https:\/\/www.egce.universite-paris-saclay.fr\/index.php?rest_route=\/wp\/v2\/posts\/764","targetHints":{"allow":["GET"]}}],"collection":[{"href":"https:\/\/www.egce.universite-paris-saclay.fr\/index.php?rest_route=\/wp\/v2\/posts"}],"about":[{"href":"https:\/\/www.egce.universite-paris-saclay.fr\/index.php?rest_route=\/wp\/v2\/types\/post"}],"author":[{"embeddable":true,"href":"https:\/\/www.egce.universite-paris-saclay.fr\/index.php?rest_route=\/wp\/v2\/users\/47"}],"replies":[{"embeddable":true,"href":"https:\/\/www.egce.universite-paris-saclay.fr\/index.php?rest_route=%2Fwp%2Fv2%2Fcomments&post=764"}],"version-history":[{"count":16,"href":"https:\/\/www.egce.universite-paris-saclay.fr\/index.php?rest_route=\/wp\/v2\/posts\/764\/revisions"}],"predecessor-version":[{"id":20719,"href":"https:\/\/www.egce.universite-paris-saclay.fr\/index.php?rest_route=\/wp\/v2\/posts\/764\/revisions\/20719"}],"wp:attachment":[{"href":"https:\/\/www.egce.universite-paris-saclay.fr\/index.php?rest_route=%2Fwp%2Fv2%2Fmedia&parent=764"}],"wp:term":[{"taxonomy":"category","embeddable":true,"href":"https:\/\/www.egce.universite-paris-saclay.fr\/index.php?rest_route=%2Fwp%2Fv2%2Fcategories&post=764"},{"taxonomy":"post_tag","embeddable":true,"href":"https:\/\/www.egce.universite-paris-saclay.fr\/index.php?rest_route=%2Fwp%2Fv2%2Ftags&post=764"}],"curies":[{"name":"wp","href":"https:\/\/api.w.org\/{rel}","templated":true}]}}