{"id":5990,"date":"2015-11-27T16:53:26","date_gmt":"2015-11-27T15:53:26","guid":{"rendered":"https:\/\/www.egce.universite-paris-saclay.fr\/?p=5990"},"modified":"2015-11-27T16:53:26","modified_gmt":"2015-11-27T15:53:26","slug":"developpement-et-mise-en-forme-dune-bibliotheque-rc-pour-linference-de-modeles-en-marche-aleatoire-sur-des-graphes-application-a-la-genetique-a-lecologie-du-paysage-et-a-la-reponse-au","status":"publish","type":"post","link":"https:\/\/www.egce.universite-paris-saclay.fr\/?p=5990","title":{"rendered":"Inf\u00e9rence de mod\u00e8les en marche al\u00e9atoire de g\u00e8nes sur des graphes socio\u00e9cologiques pour pr\u00e9dire la r\u00e9ponse des esp\u00e8ces aux changements environnementaux"},"content":{"rendered":"<p><strong>Encadrement<\/strong>: <a href=\"https:\/\/www.egce.universite-paris-saclay.fr\/?p=722\">St\u00e9phane Dupas<\/a><\/p>\n<p><strong>Equipe<\/strong>: <a href=\"https:\/\/www.egce.universite-paris-saclay.fr\/?page_id=3773\">DEEIT<\/a><\/p>\n<p><strong>Description du sujet<\/strong>:<\/p>\n<p>Le stage s&rsquo;int\u00e8gre dans les travaux d\u00e9mog\u00e9n\u00e9tique environnementale et sociale au sein de l&rsquo;\u00e9quipe DEEIT qui visent \u00e0 int\u00e9grer les donn\u00e9es de g\u00e9n\u00e9tique des populations et des informations environnementales ou sociales sur les r\u00e9seaux d&rsquo;\u00e9change de g\u00e8ne pour inf\u00e9rer des mod\u00e8les de dynamique de la biodiversit\u00e9 permettant d&rsquo;\u00e9tablir des sc\u00e9narios sur son devenir. Le stagiaire mettra en forme une biblioth\u00e8que de fonctions existantes ou en construction pour inf\u00e9rer les param\u00e8tres de ces mod\u00e8les bay\u00e9siens et bay\u00e9siens approxim\u00e9s de marche al\u00e9atoire sur des graphes appliqu\u00e9e \u00e0 ces questions. Nous utiliserons les donn\u00e9es du projet InSPRed qui s&rsquo;int\u00e9resse aux sc\u00e9narios de r\u00e9ponse des insectes ravageurs du ma\u00efs au Kenya aux changements climatiques et soci\u00e9taux.<\/p>\n<p><strong>P\u00e9riode<\/strong>: 2016<\/p>\n<p><strong>Dur\u00e9e<\/strong>: 3 mois<\/p>\n<p><strong>Niveau<\/strong>: M1<\/p>\n<p><strong>Formation recherch\u00e9e<\/strong>: \u00c9cologie, g\u00e9n\u00e9tique, mod\u00e9lisation, bioinformatique, statistiques<\/p>\n","protected":false},"excerpt":{"rendered":"<p>Encadrement: St\u00e9phane Dupas Equipe: DEEIT Description du sujet: Le stage s&rsquo;int\u00e8gre dans les travaux d\u00e9mog\u00e9n\u00e9tique environnementale et sociale au sein de l&rsquo;\u00e9quipe DEEIT qui visent \u00e0 int\u00e9grer les donn\u00e9es de g\u00e9n\u00e9tique des populations et des informations environnementales ou sociales sur les r\u00e9seaux d&rsquo;\u00e9change de g\u00e8ne pour inf\u00e9rer des mod\u00e8les de dynamique de la biodiversit\u00e9 permettant [&hellip;]<\/p>\n","protected":false},"author":1,"featured_media":0,"comment_status":"closed","ping_status":"closed","sticky":false,"template":"","format":"standard","meta":{"site-sidebar-layout":"default","site-content-layout":"","ast-site-content-layout":"default","site-content-style":"default","site-sidebar-style":"default","ast-global-header-display":"","ast-banner-title-visibility":"","ast-main-header-display":"","ast-hfb-above-header-display":"","ast-hfb-below-header-display":"","ast-hfb-mobile-header-display":"","site-post-title":"","ast-breadcrumbs-content":"","ast-featured-img":"","footer-sml-layout":"","ast-disable-related-posts":"","theme-transparent-header-meta":"","adv-header-id-meta":"","stick-header-meta":"","header-above-stick-meta":"","header-main-stick-meta":"","header-below-stick-meta":"","astra-migrate-meta-layouts":"default","ast-page-background-enabled":"default","ast-page-background-meta":{"desktop":{"background-color":"var(--ast-global-color-4)","background-image":"","background-repeat":"repeat","background-position":"center center","background-size":"auto","background-attachment":"scroll","background-type":"","background-media":"","overlay-type":"","overlay-color":"","overlay-opacity":"","overlay-gradient":""},"tablet":{"background-color":"","background-image":"","background-repeat":"repeat","background-position":"center center","background-size":"auto","background-attachment":"scroll","background-type":"","background-media":"","overlay-type":"","overlay-color":"","overlay-opacity":"","overlay-gradient":""},"mobile":{"background-color":"","background-image":"","background-repeat":"repeat","background-position":"center center","background-size":"auto","background-attachment":"scroll","background-type":"","background-media":"","overlay-type":"","overlay-color":"","overlay-opacity":"","overlay-gradient":""}},"ast-content-background-meta":{"desktop":{"background-color":"var(--ast-global-color-5)","background-image":"","background-repeat":"repeat","background-position":"center center","background-size":"auto","background-attachment":"scroll","background-type":"","background-media":"","overlay-type":"","overlay-color":"","overlay-opacity":"","overlay-gradient":""},"tablet":{"background-color":"var(--ast-global-color-5)","background-image":"","background-repeat":"repeat","background-position":"center center","background-size":"auto","background-attachment":"scroll","background-type":"","background-media":"","overlay-type":"","overlay-color":"","overlay-opacity":"","overlay-gradient":""},"mobile":{"background-color":"var(--ast-global-color-5)","background-image":"","background-repeat":"repeat","background-position":"center center","background-size":"auto","background-attachment":"scroll","background-type":"","background-media":"","overlay-type":"","overlay-color":"","overlay-opacity":"","overlay-gradient":""}},"_themeisle_gutenberg_block_has_review":false,"_jetpack_memberships_contains_paid_content":false,"footnotes":""},"categories":[1],"tags":[],"class_list":["post-5990","post","type-post","status-publish","format-standard","hentry","category-non-classe"],"jetpack_featured_media_url":"","jetpack_sharing_enabled":true,"_links":{"self":[{"href":"https:\/\/www.egce.universite-paris-saclay.fr\/index.php?rest_route=\/wp\/v2\/posts\/5990","targetHints":{"allow":["GET"]}}],"collection":[{"href":"https:\/\/www.egce.universite-paris-saclay.fr\/index.php?rest_route=\/wp\/v2\/posts"}],"about":[{"href":"https:\/\/www.egce.universite-paris-saclay.fr\/index.php?rest_route=\/wp\/v2\/types\/post"}],"author":[{"embeddable":true,"href":"https:\/\/www.egce.universite-paris-saclay.fr\/index.php?rest_route=\/wp\/v2\/users\/1"}],"replies":[{"embeddable":true,"href":"https:\/\/www.egce.universite-paris-saclay.fr\/index.php?rest_route=%2Fwp%2Fv2%2Fcomments&post=5990"}],"version-history":[{"count":0,"href":"https:\/\/www.egce.universite-paris-saclay.fr\/index.php?rest_route=\/wp\/v2\/posts\/5990\/revisions"}],"wp:attachment":[{"href":"https:\/\/www.egce.universite-paris-saclay.fr\/index.php?rest_route=%2Fwp%2Fv2%2Fmedia&parent=5990"}],"wp:term":[{"taxonomy":"category","embeddable":true,"href":"https:\/\/www.egce.universite-paris-saclay.fr\/index.php?rest_route=%2Fwp%2Fv2%2Fcategories&post=5990"},{"taxonomy":"post_tag","embeddable":true,"href":"https:\/\/www.egce.universite-paris-saclay.fr\/index.php?rest_route=%2Fwp%2Fv2%2Ftags&post=5990"}],"curies":[{"name":"wp","href":"https:\/\/api.w.org\/{rel}","templated":true}]}}