{"id":5918,"date":"2015-11-18T15:02:52","date_gmt":"2015-11-18T14:02:52","guid":{"rendered":"https:\/\/www.egce.universite-paris-saclay.fr\/?p=5918"},"modified":"2015-11-18T15:02:52","modified_gmt":"2015-11-18T14:02:52","slug":"empreinte-du-vivant-ladn-de-lenvironnement-vient-de-sortir","status":"publish","type":"post","link":"https:\/\/www.egce.universite-paris-saclay.fr\/?p=5918","title":{"rendered":"Empreinte du vivant l&rsquo;ADN de l&rsquo;environnement vient de sortir"},"content":{"rendered":"<p><a href=\"https:\/\/www.egce.universite-paris-saclay.fr\/wp-content\/uploads\/2015\/11\/EXE-COUV-genomique.jpg\"><img loading=\"lazy\" decoding=\"async\" class=\"alignnone wp-image-5925\" src=\"https:\/\/www.egce.universite-paris-saclay.fr\/wp-content\/uploads\/2015\/11\/EXE-COUV-genomique.jpg\" alt=\"EXE COUV genomique\" width=\"238\" height=\"271\" \/><\/a><\/p>\n<p>Dominique Joly (PACS) et Sylvie Salamitou (Communication) ont coordonn\u00e9 avec Denis Faure (I2BC) l&rsquo;\u00e9criture d&rsquo;un ouvrage collectif sur la G\u00e9nomique Environnementale.<\/p>\n<p>Ce livre s&rsquo;appelle \u00ab\u00a0Empreinte du vivant l&rsquo;ADN de l&rsquo;Environnement\u00a0\u00bb et est \u00e9dit\u00e9 par le CNRS et le cherche midi.<\/p>\n<p>Le livre offre un panorama de la recherche actuelle en G\u00e9nomique Environnementale et a \u00e9t\u00e9 \u00e9crit par des membres de la communaut\u00e9 fran\u00e7aise de ce domaine pour un public curieux mais non sp\u00e9cialiste.<\/p>\n<p>Ses 10 chapitres abondamment illustr\u00e9s par de belles photos abordent des sujets de l&rsquo;actualit\u00e9 en GE.<\/p>\n<p>Il est disponible en librairie au prix de 24,90 euros.<\/p>\n<p>Vous pouvez consulter le dossier de presse en <a href=\"https:\/\/www.egce.universite-paris-saclay.fr\/wp-content\/uploads\/2015\/11\/dossierpresse_Empreinte-du-vivant.pdf\">cliquant ici<\/a>.<\/p>\n<p>Dominique Joly a \u00e9t\u00e9 interview\u00e9e par la Radio T\u00e9l\u00e9vision Suisse sur ce livre. Pour \u00e9couter cette interview <a href=\"https:\/\/www.rts.ch\/la-1ere\/programmes\/cqfd\/7431298-la-genomique-environnementale-04-02-2016.html?f=player\/popup\">cliquer ici<\/a>.<\/p>\n","protected":false},"excerpt":{"rendered":"<p>Dominique Joly (PACS) et Sylvie Salamitou (Communication) ont coordonn\u00e9 avec Denis Faure (I2BC) l&rsquo;\u00e9criture d&rsquo;un ouvrage collectif sur la G\u00e9nomique Environnementale. Ce livre s&rsquo;appelle \u00ab\u00a0Empreinte du vivant l&rsquo;ADN de l&rsquo;Environnement\u00a0\u00bb et est \u00e9dit\u00e9 par le CNRS et le cherche midi. Le livre offre un panorama de la recherche actuelle en G\u00e9nomique Environnementale et a \u00e9t\u00e9 [&hellip;]<\/p>\n","protected":false},"author":1,"featured_media":0,"comment_status":"closed","ping_status":"closed","sticky":false,"template":"","format":"standard","meta":{"site-sidebar-layout":"default","site-content-layout":"","ast-site-content-layout":"default","site-content-style":"default","site-sidebar-style":"default","ast-global-header-display":"","ast-banner-title-visibility":"","ast-main-header-display":"","ast-hfb-above-header-display":"","ast-hfb-below-header-display":"","ast-hfb-mobile-header-display":"","site-post-title":"","ast-breadcrumbs-content":"","ast-featured-img":"","footer-sml-layout":"","ast-disable-related-posts":"","theme-transparent-header-meta":"","adv-header-id-meta":"","stick-header-meta":"","header-above-stick-meta":"","header-main-stick-meta":"","header-below-stick-meta":"","astra-migrate-meta-layouts":"default","ast-page-background-enabled":"default","ast-page-background-meta":{"desktop":{"background-color":"var(--ast-global-color-4)","background-image":"","background-repeat":"repeat","background-position":"center center","background-size":"auto","background-attachment":"scroll","background-type":"","background-media":"","overlay-type":"","overlay-color":"","overlay-opacity":"","overlay-gradient":""},"tablet":{"background-color":"","background-image":"","background-repeat":"repeat","background-position":"center center","background-size":"auto","background-attachment":"scroll","background-type":"","background-media":"","overlay-type":"","overlay-color":"","overlay-opacity":"","overlay-gradient":""},"mobile":{"background-color":"","background-image":"","background-repeat":"repeat","background-position":"center center","background-size":"auto","background-attachment":"scroll","background-type":"","background-media":"","overlay-type":"","overlay-color":"","overlay-opacity":"","overlay-gradient":""}},"ast-content-background-meta":{"desktop":{"background-color":"var(--ast-global-color-5)","background-image":"","background-repeat":"repeat","background-position":"center center","background-size":"auto","background-attachment":"scroll","background-type":"","background-media":"","overlay-type":"","overlay-color":"","overlay-opacity":"","overlay-gradient":""},"tablet":{"background-color":"var(--ast-global-color-5)","background-image":"","background-repeat":"repeat","background-position":"center center","background-size":"auto","background-attachment":"scroll","background-type":"","background-media":"","overlay-type":"","overlay-color":"","overlay-opacity":"","overlay-gradient":""},"mobile":{"background-color":"var(--ast-global-color-5)","background-image":"","background-repeat":"repeat","background-position":"center center","background-size":"auto","background-attachment":"scroll","background-type":"","background-media":"","overlay-type":"","overlay-color":"","overlay-opacity":"","overlay-gradient":""}},"_themeisle_gutenberg_block_has_review":false,"_jetpack_memberships_contains_paid_content":false,"footnotes":""},"categories":[8],"tags":[],"class_list":["post-5918","post","type-post","status-publish","format-standard","hentry","category-nouvelles"],"jetpack_featured_media_url":"","jetpack_sharing_enabled":true,"_links":{"self":[{"href":"https:\/\/www.egce.universite-paris-saclay.fr\/index.php?rest_route=\/wp\/v2\/posts\/5918","targetHints":{"allow":["GET"]}}],"collection":[{"href":"https:\/\/www.egce.universite-paris-saclay.fr\/index.php?rest_route=\/wp\/v2\/posts"}],"about":[{"href":"https:\/\/www.egce.universite-paris-saclay.fr\/index.php?rest_route=\/wp\/v2\/types\/post"}],"author":[{"embeddable":true,"href":"https:\/\/www.egce.universite-paris-saclay.fr\/index.php?rest_route=\/wp\/v2\/users\/1"}],"replies":[{"embeddable":true,"href":"https:\/\/www.egce.universite-paris-saclay.fr\/index.php?rest_route=%2Fwp%2Fv2%2Fcomments&post=5918"}],"version-history":[{"count":0,"href":"https:\/\/www.egce.universite-paris-saclay.fr\/index.php?rest_route=\/wp\/v2\/posts\/5918\/revisions"}],"wp:attachment":[{"href":"https:\/\/www.egce.universite-paris-saclay.fr\/index.php?rest_route=%2Fwp%2Fv2%2Fmedia&parent=5918"}],"wp:term":[{"taxonomy":"category","embeddable":true,"href":"https:\/\/www.egce.universite-paris-saclay.fr\/index.php?rest_route=%2Fwp%2Fv2%2Fcategories&post=5918"},{"taxonomy":"post_tag","embeddable":true,"href":"https:\/\/www.egce.universite-paris-saclay.fr\/index.php?rest_route=%2Fwp%2Fv2%2Ftags&post=5918"}],"curies":[{"name":"wp","href":"https:\/\/api.w.org\/{rel}","templated":true}]}}