{"id":12710,"date":"2020-11-27T13:37:57","date_gmt":"2020-11-27T12:37:57","guid":{"rendered":"https:\/\/www.egce.universite-paris-saclay.fr\/?p=12710"},"modified":"2020-11-27T13:37:57","modified_gmt":"2020-11-27T12:37:57","slug":"isabelle-merle-2","status":"publish","type":"post","link":"https:\/\/www.egce.universite-paris-saclay.fr\/?p=12710&lang=en","title":{"rendered":"Isabelle, Merle"},"content":{"rendered":"\n<p><strong>Postdoctoral researcher<\/strong><\/p>\n\n\n\n<p>Agronomy, plant pathology, agroecology, ecological modeling<\/p>\n\n\n\n<p>Email: &#105;&#x73;&#97;&#x62;e&#x6c;l&#101;&#x2e;&#109;&#x65;&#114;&#x6c;e&#x40;i&#114;&#x64;&#46;&#x66;r<\/p>\n\n\n\n<p><a href=\"https:\/\/www.researchgate.net\/profile\/Isabelle_Merle\">https:\/\/www.researchgate.net\/profile\/Isabelle_Merle<\/a><\/p>\n\n\n\n<h2 class=\"wp-block-heading\">Research<\/h2>\n\n\n\n<p>My research involves field trials and ecological modeling to study the effect of microclimate and management practices on diseases, pests and pollinators in agro-ecosystems such as tropical perennial agroforestry systems. I am interested in the development of decision support tools including these environmental drivers but also the socio-economic component through multi-agent modeling.<\/p>\n\n\n\n<h2 class=\"wp-block-heading\">Publications<\/h2>\n\n\n\n<p>Requier, F., P\u00e9rez-Mend\u00e9z, N., Andersson, G.K.S., Blareau, E., <strong>Merle, I.<\/strong>, Garibaldi, L.A. (2022) Bee and non-bee pollinator importance for food local security. <em>Trends in Ecology and Evolution <\/em><a href=\"https:\/\/doi.org\/10.1016\/j.tree.2022.10.006\" target=\"_blank\" rel=\"noreferrer noopener\">https:\/\/doi.org\/10.1016\/j.tree.2022.10.006<\/a><\/p>\n\n\n\n<p>Avelino, J., Gagliardi, S., Perfecto, I., Isaac, M., Liebig, T., Vandermeer, J., <strong>Merle, I.<\/strong>, Hajian-Forooshani, Z., Tabeuguia Motisi, N. (2022) Tree effects on coffee leaf rust at field and landscape scales. <em>Plant Disease<\/em> <a href=\"https:\/\/apsjournals.apsnet.org\/doi\/10.1094\/PDIS-08-21-1804-FE\" target=\"_blank\" rel=\"noreferrer noopener\">https:\/\/apsjournals.apsnet.org\/doi\/10.1094\/PDIS-08-21-1804-FE<\/a><\/p>\n\n\n\n<p>Motisi, N., Bommel, P., Leclerc, G., Robin, M.H., Aubertot, J.N., Arias Butron, A., <strong>Merle, I.<\/strong>, Treminio, E., Avelino, J. (2022) Improved forecasting of coffee leaf rust by qualitative modeling: Design and expert validation of the ExpeRoya model. <em>Agricultural Systems<\/em> 197, 103352 <a rel=\"noreferrer noopener\" href=\"https:\/\/www.sciencedirect.com\/science\/article\/pii\/S0308521X2100305X\" target=\"_blank\">https:\/\/www.sciencedirect.com\/science\/article\/pii\/S0308521X2100305X<\/a><\/p>\n\n\n\n<p><strong>Merle, I.<\/strong>, Hip\u00f3lito, J., Requier, F. (2022) Towards integrated pest and pollinator management in tropical crops. <em>Current Opinion in Insect Science<\/em> 50, 100866 <a rel=\"noreferrer noopener\" href=\"https:\/\/www.sciencedirect.com\/science\/article\/pii\/S2214574521001358\" target=\"_blank\">https:\/\/www.sciencedirect.com\/science\/article\/pii\/S2214574521001358<\/a><\/p>\n\n\n\n<p><strong>Merle, I.<\/strong>, Villarreyna-Acu\u00f1a, R., Ribeyre, F., Roupsard, O., Cilas, C., Avelino, J. (2022) Microclimate estimation under different coffee-based agroforestry systems using full-sun weather data and shade tree characteristics. <em>European Journal of Agronomy<\/em> 132, 126396 <a rel=\"noreferrer noopener\" href=\"https:\/\/www.sciencedirect.com\/science\/article\/pii\/S1161030121001672\" target=\"_blank\">https:\/\/www.sciencedirect.com\/science\/article\/pii\/S1161030121001672<\/a><\/p>\n\n\n\n<p><strong>Merle, I.<\/strong>, Tixier, P., Virginio Filho, E.M., Cilas, C., Avelino, J. (2020) Forecast models of coffee leaf rust symptoms and signs based on identified microclimatic combinations in coffee-based agroforestry systems in Costa Rica. <em>Crop Protection<\/em> 130, 105046. <a href=\"https:\/\/doi.org\/https:\/\/doi.org\/10.1016\/j.cropro.2019.105046\" target=\"_blank\" rel=\"noreferrer noopener\">https:\/\/doi.org\/https:\/\/doi.org\/10.1016\/j.cropro.2019.105046<\/a><\/p>\n\n\n\n<p><strong>Merle, I.<\/strong>, Pico, J., Granados, E., Boudrot, A., Tixier, P., Virginio Filho, E.M., Cilas, C., Avelino, J. (2020) Unraveling the complexity of coffee leaf rust behavior and development in different <em>Coffea arabica<\/em> agro-ecosystems. <em>Phytopathology<\/em> 110, 418-427. <a href=\"https:\/\/doi.org\/10.1094\/PHYTO-03-19-0094-R\" target=\"_blank\" rel=\"noreferrer noopener\">https:\/\/doi.org\/10.1094\/PHYTO-03-19-0094-R<\/a><\/p>\n\n\n\n<p>Rohrlich, C., <strong>Merle, I.<\/strong>, Mze Hassani, I., Verger, M., Zuin, M., Besse, S., Rob\u00e8ne, I., Nibouche, S., Costet, L.  (2018) Variation in physiological host range in three strains of two species of the entomopathogenic fungus <em>Beauveria<\/em>. <em>PLoS One<\/em>, 13(7), e0199199. <a rel=\"noreferrer noopener\" href=\"https:\/\/doi.org\/10.1371\/journal.pone.0199199\" target=\"_blank\">https:\/\/doi.org\/10.1371\/journal.pone.0199199<\/a><\/p>\n\n\n\n<p>Boudrot, A., Pico, J., <strong>Merle, I.<\/strong>, Granados, E., V\u00edlchez, S., Tixier, P., Virginio Filho, E.M., Casanoves, F., Tapia, A., Allinne, C., Rice, R.A., Avelino, J. (2016) Shade effects on the dispersal of airborne <em>Hemileia vastatrix<\/em> uredospores. <em>Phytopathology <\/em>106, 572\u2013580. <a rel=\"noreferrer noopener\" href=\"https:\/\/doi.org\/10.1094\/PHYTO-02-15-0058-R\" target=\"_blank\">https:\/\/doi.org\/10.1094\/PHYTO-02-15-0058-R<\/a><\/p>\n\n\n\n<h2 class=\"wp-block-heading\">Oral communications<\/h2>\n\n\n\n<p>Merle, I., Dupas, S., Requier, F. Comparing arthropod communities and their status as pollinators, pests and predators between organic and conventional cocoa plantations. <em><a rel=\"noreferrer noopener\" href=\"https:\/\/bioinca.org\/webinars\/\" data-type=\"URL\" data-id=\"https:\/\/bioinca.org\/webinars\/\" target=\"_blank\">BioInca Webinar<\/a><\/em>, January 2022<\/p>\n\n\n\n<p>Merle, I., Dupas, S., Requier, F. Limiting pollination of the cocoa tree. <em>Journ\u00e9e du d\u00e9partement ECOBIO<\/em>, Montpellier, France, June 2021 <\/p>\n\n\n\n<p>Merle, I., Dupas, S., Requier, F. Limiting pollination of the cocoa tree. <em>EGCEriales<\/em>, Gif-sur-Yvette, France, May 2021<\/p>\n\n\n\n<p>Merle, I., Villarreyna Acuna, R.A., Tixier, P., Ribeyre, F., Cilas, C., Avelino, J. Estimating microclimate in agroforestry systems based on nearby full sun measures to forecast coffee rust development. <em>4th World Congress on Agroforestry<\/em>, Montpellier, France, 20-22 May 2019 <a rel=\"noreferrer noopener\" href=\"https:\/\/agritrop.cirad.fr\/592566\/\" target=\"_blank\">https:\/\/agritrop.cirad.fr\/592566\/<\/a><\/p>\n\n\n\n<p>Merle, I., Tixier, P., Cilas, C., Avelino, J. Identification of microclimatic variables determining the appearance of the symptoms of a leaf disease: case of the coffee leaf rust. <em>7th AgMIP Global Workshop<\/em>, San Jos\u00e9, Costa Rica, 24-26 April 2018 <a rel=\"noreferrer noopener\" href=\"https:\/\/agritrop.cirad.fr\/587659\/\" target=\"_blank\">https:\/\/agritrop.cirad.fr\/587659\/<\/a><\/p>\n\n\n\n<p>Merle, I., Tixier, P., Cilas, C., Avelino, J. Identification des variables microclimatiques d\u00e9terminant l&rsquo;apparition des sympt\u00f4mes d&rsquo;une maladie foliaire: cas de la rouille orang\u00e9e du caf\u00e9ier. <em>Journ\u00e9es Jean Chevaugeon, Rencontres de phytopathologie-mycologie<\/em>, Aussois, France, 15-19 January 2018 <a href=\"https:\/\/agritrop.cirad.fr\/586849\/\" target=\"_blank\" rel=\"noreferrer noopener\">https:\/\/agritrop.cirad.fr\/586849\/<\/a><\/p>\n","protected":false},"excerpt":{"rendered":"<p>Postdoctoral researcher Agronomy, plant pathology, agroecology, ecological modeling Email: &#x69;&#115;&#97;b&#x65;&#x6c;&#108;e&#x2e;&#x6d;&#101;rl&#x65;&#64;&#105;r&#x64;&#x2e;&#102;r https:\/\/www.researchgate.net\/profile\/Isabelle_Merle Research My research involves field trials and ecological modeling to study the effect of microclimate and management practices on diseases, pests and pollinators in agro-ecosystems such as tropical perennial agroforestry systems. I am interested in the development of decision support tools including these environmental [&hellip;]<\/p>\n","protected":false},"author":1,"featured_media":0,"comment_status":"closed","ping_status":"closed","sticky":false,"template":"","format":"standard","meta":{"site-sidebar-layout":"default","site-content-layout":"","ast-site-content-layout":"default","site-content-style":"default","site-sidebar-style":"default","ast-global-header-display":"","ast-banner-title-visibility":"","ast-main-header-display":"","ast-hfb-above-header-display":"","ast-hfb-below-header-display":"","ast-hfb-mobile-header-display":"","site-post-title":"","ast-breadcrumbs-content":"","ast-featured-img":"","footer-sml-layout":"","ast-disable-related-posts":"","theme-transparent-header-meta":"","adv-header-id-meta":"","stick-header-meta":"","header-above-stick-meta":"","header-main-stick-meta":"","header-below-stick-meta":"","astra-migrate-meta-layouts":"default","ast-page-background-enabled":"default","ast-page-background-meta":{"desktop":{"background-color":"var(--ast-global-color-4)","background-image":"","background-repeat":"repeat","background-position":"center center","background-size":"auto","background-attachment":"scroll","background-type":"","background-media":"","overlay-type":"","overlay-color":"","overlay-opacity":"","overlay-gradient":""},"tablet":{"background-color":"","background-image":"","background-repeat":"repeat","background-position":"center center","background-size":"auto","background-attachment":"scroll","background-type":"","background-media":"","overlay-type":"","overlay-color":"","overlay-opacity":"","overlay-gradient":""},"mobile":{"background-color":"","background-image":"","background-repeat":"repeat","background-position":"center center","background-size":"auto","background-attachment":"scroll","background-type":"","background-media":"","overlay-type":"","overlay-color":"","overlay-opacity":"","overlay-gradient":""}},"ast-content-background-meta":{"desktop":{"background-color":"var(--ast-global-color-5)","background-image":"","background-repeat":"repeat","background-position":"center center","background-size":"auto","background-attachment":"scroll","background-type":"","background-media":"","overlay-type":"","overlay-color":"","overlay-opacity":"","overlay-gradient":""},"tablet":{"background-color":"var(--ast-global-color-5)","background-image":"","background-repeat":"repeat","background-position":"center center","background-size":"auto","background-attachment":"scroll","background-type":"","background-media":"","overlay-type":"","overlay-color":"","overlay-opacity":"","overlay-gradient":""},"mobile":{"background-color":"var(--ast-global-color-5)","background-image":"","background-repeat":"repeat","background-position":"center center","background-size":"auto","background-attachment":"scroll","background-type":"","background-media":"","overlay-type":"","overlay-color":"","overlay-opacity":"","overlay-gradient":""}},"_themeisle_gutenberg_block_has_review":false,"_jetpack_memberships_contains_paid_content":false,"footnotes":""},"categories":[11],"tags":[],"class_list":["post-12710","post","type-post","status-publish","format-standard","hentry","category-personnels-en"],"jetpack_featured_media_url":"","jetpack_sharing_enabled":true,"_links":{"self":[{"href":"https:\/\/www.egce.universite-paris-saclay.fr\/index.php?rest_route=\/wp\/v2\/posts\/12710","targetHints":{"allow":["GET"]}}],"collection":[{"href":"https:\/\/www.egce.universite-paris-saclay.fr\/index.php?rest_route=\/wp\/v2\/posts"}],"about":[{"href":"https:\/\/www.egce.universite-paris-saclay.fr\/index.php?rest_route=\/wp\/v2\/types\/post"}],"author":[{"embeddable":true,"href":"https:\/\/www.egce.universite-paris-saclay.fr\/index.php?rest_route=\/wp\/v2\/users\/1"}],"replies":[{"embeddable":true,"href":"https:\/\/www.egce.universite-paris-saclay.fr\/index.php?rest_route=%2Fwp%2Fv2%2Fcomments&post=12710"}],"version-history":[{"count":0,"href":"https:\/\/www.egce.universite-paris-saclay.fr\/index.php?rest_route=\/wp\/v2\/posts\/12710\/revisions"}],"wp:attachment":[{"href":"https:\/\/www.egce.universite-paris-saclay.fr\/index.php?rest_route=%2Fwp%2Fv2%2Fmedia&parent=12710"}],"wp:term":[{"taxonomy":"category","embeddable":true,"href":"https:\/\/www.egce.universite-paris-saclay.fr\/index.php?rest_route=%2Fwp%2Fv2%2Fcategories&post=12710"},{"taxonomy":"post_tag","embeddable":true,"href":"https:\/\/www.egce.universite-paris-saclay.fr\/index.php?rest_route=%2Fwp%2Fv2%2Ftags&post=12710"}],"curies":[{"name":"wp","href":"https:\/\/api.w.org\/{rel}","templated":true}]}}